{"id":646,"date":"2025-04-17T08:50:34","date_gmt":"2025-04-17T08:50:34","guid":{"rendered":"https:\/\/www.hraskoloupodcast.cz\/?p=646"},"modified":"2025-04-17T08:50:34","modified_gmt":"2025-04-17T08:50:34","slug":"ep-13-ucitelem-ve-skolce-a-novinky-ve-vzdelavacim-programu","status":"publish","type":"post","link":"https:\/\/www.hraskoloupodcast.cz\/?p=646","title":{"rendered":"EP 13: U\u010ditelem ve \u0161kolce a novinky ve vzd\u011bl\u00e1vac\u00edm programu"},"content":{"rendered":"\n<p>Rozhovor s Ond\u0159ejem Ko\u017eeluhem, zn\u00e1m\u00fdm na Instagramu jako @ucitelem ve \u0161kolce \u2013 \u010dlov\u011bkem, kter\u00fd bo\u0159\u00ed stereotypy a p\u0159in\u00e1\u0161\u00ed do \u0161kolky chlapsk\u00fd klid, humor a nadhled.<\/p>\n\n\n\n<p><strong>Co se v epizod\u011b dozv\u00edte:<\/strong><\/p>\n\n\n\n<ul class=\"wp-block-list\">\n<li>Pro\u010d si vybral pr\u00e1ci ve \u0161kolce? <\/li>\n\n\n\n<li>Jak\u00e9 stereotypy kolem mu\u017e\u016f ve \u0161kolk\u00e1ch st\u00e1le p\u0159etrv\u00e1vaj\u00ed a jak je bourat?<\/li>\n\n\n\n<li>Co v\u0161echno ho d\u011bti nau\u010dily o \u017eivot\u011b, trp\u011blivosti i komunikaci?<\/li>\n\n\n\n<li>Jak\u00e9 zm\u011bny p\u0159in\u00e1\u0161\u00ed nov\u00fd R\u00e1mcov\u00fd vzd\u011bl\u00e1vac\u00ed program pro p\u0159ed\u0161koln\u00ed vzd\u011bl\u00e1v\u00e1n\u00ed a co to znamen\u00e1 v praxi?<\/li>\n<\/ul>\n\n\n\n<figure class=\"wp-block-embed is-type-rich is-provider-spotify wp-block-embed-spotify wp-embed-aspect-21-9 wp-has-aspect-ratio\"><div class=\"wp-block-embed__wrapper\">\n<iframe title=\"Spotify Embed: EP 13: U\u010ditelem ve \u0161kolce a novinky ve vzd\u011bl\u00e1vac\u00edm programu\" style=\"border-radius: 12px\" width=\"100%\" height=\"152\" frameborder=\"0\" allowfullscreen allow=\"autoplay; clipboard-write; encrypted-media; fullscreen; picture-in-picture\" loading=\"lazy\" src=\"https:\/\/open.spotify.com\/embed\/episode\/1YOJRT8qq34BEbhXTR4jBq?si=b585c13460bc4919&#038;utm_source=oembed\"><\/iframe>\n<\/div><\/figure>\n\n\n","protected":false},"excerpt":{"rendered":"<p>Rozhovor s Ond\u0159ejem Ko\u017eeluhem, zn\u00e1m\u00fdm na Instagramu jako @ucitelem ve \u0161kolce \u2013 \u010dlov\u011bkem, kter\u00fd bo\u0159\u00ed stereotypy a p\u0159in\u00e1\u0161\u00ed do \u0161kolky chlapsk\u00fd klid, humor a nadhled. Co se v epizod\u011b dozv\u00edte:<\/p>\n","protected":false},"author":1,"featured_media":0,"comment_status":"open","ping_status":"open","sticky":false,"template":"","format":"standard","meta":{"footnotes":""},"categories":[4],"tags":[12,13,16],"class_list":["post-646","post","type-post","status-publish","format-standard","hentry","category-epozidy","tag-materske-skoly","tag-predskolni-vzdelavani","tag-tipy-a-prakticke-rady"],"_links":{"self":[{"href":"https:\/\/www.hraskoloupodcast.cz\/index.php?rest_route=\/wp\/v2\/posts\/646","targetHints":{"allow":["GET"]}}],"collection":[{"href":"https:\/\/www.hraskoloupodcast.cz\/index.php?rest_route=\/wp\/v2\/posts"}],"about":[{"href":"https:\/\/www.hraskoloupodcast.cz\/index.php?rest_route=\/wp\/v2\/types\/post"}],"author":[{"embeddable":true,"href":"https:\/\/www.hraskoloupodcast.cz\/index.php?rest_route=\/wp\/v2\/users\/1"}],"replies":[{"embeddable":true,"href":"https:\/\/www.hraskoloupodcast.cz\/index.php?rest_route=%2Fwp%2Fv2%2Fcomments&post=646"}],"version-history":[{"count":1,"href":"https:\/\/www.hraskoloupodcast.cz\/index.php?rest_route=\/wp\/v2\/posts\/646\/revisions"}],"predecessor-version":[{"id":647,"href":"https:\/\/www.hraskoloupodcast.cz\/index.php?rest_route=\/wp\/v2\/posts\/646\/revisions\/647"}],"wp:attachment":[{"href":"https:\/\/www.hraskoloupodcast.cz\/index.php?rest_route=%2Fwp%2Fv2%2Fmedia&parent=646"}],"wp:term":[{"taxonomy":"category","embeddable":true,"href":"https:\/\/www.hraskoloupodcast.cz\/index.php?rest_route=%2Fwp%2Fv2%2Fcategories&post=646"},{"taxonomy":"post_tag","embeddable":true,"href":"https:\/\/www.hraskoloupodcast.cz\/index.php?rest_route=%2Fwp%2Fv2%2Ftags&post=646"}],"curies":[{"name":"wp","href":"https:\/\/api.w.org\/{rel}","templated":true}]}}