{"id":384,"date":"2024-08-01T08:51:38","date_gmt":"2024-08-01T08:51:38","guid":{"rendered":"https:\/\/www.hraskoloupodcast.cz\/?p=384"},"modified":"2024-10-25T20:11:03","modified_gmt":"2024-10-25T20:11:03","slug":"ep-05-studie-rika-ze-skolka-od-3-let-zvysuje-sanci-na-lepsi-vzdelani-i-zamestnani","status":"publish","type":"post","link":"https:\/\/www.hraskoloupodcast.cz\/?p=384","title":{"rendered":"EP 05: Studie \u0159\u00edk\u00e1, \u017ee \u0161kolka od 3 let zvy\u0161uje \u0161anci na lep\u0161\u00ed vzd\u011bl\u00e1n\u00ed i zam\u011bstn\u00e1n\u00ed"},"content":{"rendered":"\n<figure class=\"wp-block-embed is-type-rich is-provider-spotify wp-block-embed-spotify wp-embed-aspect-21-9 wp-has-aspect-ratio\"><div class=\"wp-block-embed__wrapper\">\n<iframe title=\"Spotify Embed: EP 05: Studie \u0159\u00edk\u00e1, \u017ee \u0161kolka od 3 let zvy\u0161uje \u0161anci na lep\u0161\u00ed vzd\u011bl\u00e1n\u00ed i zam\u011bstn\u00e1n\u00ed\" style=\"border-radius: 12px\" width=\"100%\" height=\"152\" frameborder=\"0\" allowfullscreen allow=\"autoplay; clipboard-write; encrypted-media; fullscreen; picture-in-picture\" loading=\"lazy\" src=\"https:\/\/open.spotify.com\/embed\/episode\/1tZGvgrSh2cNE9KRLEZJjh?si=69cafde0549f48d6&#038;utm_source=oembed\"><\/iframe>\n<\/div><\/figure>\n\n\n\n<p>M\u00e1me tu dal\u0161\u00ed zaj\u00edmav\u00fd rozhovor\ud83c\udf99\ufe0f. Tentokr\u00e1t se pod\u00edv\u00e1me na t\u00e9ma, kter\u00e9 ur\u010dit\u011b \u0159e\u0161\u00ed nejeden rodi\u010d \u2013 n\u00e1stup do mate\u0159sk\u00e9 \u0161koly.\u00a0 P\u0159izvaly jsme si k tomu v\u00fdzkumn\u00edci think-tanku IDEA p\u0159i institutu CERGE-EI pan\u00ed Alenu Bi\u010d\u00e1kovou, spoluautorku studie \u201cMaminka nebo \u0161kolka.&#8221; Pokud m\u00e1te \u0161patn\u00e9 sv\u011bdom\u00ed, \u017ee va\u0161e d\u00edt\u011b chod\u00ed do \u0161kolky u\u017e ve t\u0159ech letech, m\u00e1me pro v\u00e1s skv\u011blou zpr\u00e1vu! V\u011bda je toti\u017e na va\u0161\u00ed stran\u011b! \ud83d\udd2c Podle studie \u0161kolka od t\u0159\u00ed let zvy\u0161uje \u0161anci na lep\u0161\u00ed vzd\u011bl\u00e1n\u00ed i zam\u011bstn\u00e1n\u00ed!<\/p>\n\n\n\n<p><\/p>\n","protected":false},"excerpt":{"rendered":"<p>M\u00e1me tu dal\u0161\u00ed zaj\u00edmav\u00fd rozhovor\ud83c\udf99\ufe0f. Tentokr\u00e1t se pod\u00edv\u00e1me na t\u00e9ma, kter\u00e9 ur\u010dit\u011b \u0159e\u0161\u00ed nejeden rodi\u010d \u2013 n\u00e1stup do mate\u0159sk\u00e9 \u0161koly.\u00a0 P\u0159izvaly jsme si k tomu v\u00fdzkumn\u00edci think-tanku IDEA p\u0159i institutu [&hellip;]<\/p>\n","protected":false},"author":1,"featured_media":0,"comment_status":"open","ping_status":"open","sticky":false,"template":"","format":"standard","meta":{"footnotes":""},"categories":[4],"tags":[12,13],"class_list":["post-384","post","type-post","status-publish","format-standard","hentry","category-epozidy","tag-materske-skoly","tag-predskolni-vzdelavani"],"_links":{"self":[{"href":"https:\/\/www.hraskoloupodcast.cz\/index.php?rest_route=\/wp\/v2\/posts\/384","targetHints":{"allow":["GET"]}}],"collection":[{"href":"https:\/\/www.hraskoloupodcast.cz\/index.php?rest_route=\/wp\/v2\/posts"}],"about":[{"href":"https:\/\/www.hraskoloupodcast.cz\/index.php?rest_route=\/wp\/v2\/types\/post"}],"author":[{"embeddable":true,"href":"https:\/\/www.hraskoloupodcast.cz\/index.php?rest_route=\/wp\/v2\/users\/1"}],"replies":[{"embeddable":true,"href":"https:\/\/www.hraskoloupodcast.cz\/index.php?rest_route=%2Fwp%2Fv2%2Fcomments&post=384"}],"version-history":[{"count":1,"href":"https:\/\/www.hraskoloupodcast.cz\/index.php?rest_route=\/wp\/v2\/posts\/384\/revisions"}],"predecessor-version":[{"id":385,"href":"https:\/\/www.hraskoloupodcast.cz\/index.php?rest_route=\/wp\/v2\/posts\/384\/revisions\/385"}],"wp:attachment":[{"href":"https:\/\/www.hraskoloupodcast.cz\/index.php?rest_route=%2Fwp%2Fv2%2Fmedia&parent=384"}],"wp:term":[{"taxonomy":"category","embeddable":true,"href":"https:\/\/www.hraskoloupodcast.cz\/index.php?rest_route=%2Fwp%2Fv2%2Fcategories&post=384"},{"taxonomy":"post_tag","embeddable":true,"href":"https:\/\/www.hraskoloupodcast.cz\/index.php?rest_route=%2Fwp%2Fv2%2Ftags&post=384"}],"curies":[{"name":"wp","href":"https:\/\/api.w.org\/{rel}","templated":true}]}}